{"id":532,"date":"2025-12-25T22:54:44","date_gmt":"2025-12-25T22:54:44","guid":{"rendered":"https:\/\/sachikofullita.com\/?page_id=532"},"modified":"2026-09-01T20:21:47","modified_gmt":"2026-09-01T20:21:47","slug":"bienesta-corporal-sesiones-online","status":"publish","type":"post","link":"https:\/\/sachikofullita.com\/?p=532","title":{"rendered":"PYM &#8211; clases regulares"},"content":{"rendered":"<p>[et_pb_section fb_built=\u00bb1&#8243; _builder_version=\u00bb4.16&#8243; width=\u00bb100%\u00bb custom_padding=\u00bb23px||110px|||\u00bb global_colors_info=\u00bb{}\u00bb][et_pb_row column_structure=\u00bb1_2,1_2&#8243; _builder_version=\u00bb4.16&#8243; global_colors_info=\u00bb{}\u00bb][et_pb_column type=\u00bb1_2&#8243; _builder_version=\u00bb4.16&#8243; custom_padding=\u00bb|||\u00bb global_colors_info=\u00bb{}\u00bb custom_padding__hover=\u00bb|||\u00bb][et_pb_text admin_label=\u00bbTitle\u00bb _builder_version=\u00bb4.27.4&#8243; text_font=\u00bb||||\u00bb text_text_color=\u00bb#1a1a1a\u00bb header_font=\u00bb|700||on|||||\u00bb header_text_align=\u00bbleft\u00bb header_font_size=\u00bb60px\u00bb header_line_height=\u00bb1.3em\u00bb header_2_font_size=\u00bb34px\u00bb max_width=\u00bb450px\u00bb custom_margin=\u00bb||12px|||\u00bb custom_padding=\u00bb|||\u00bb animation_style=\u00bbslide\u00bb animation_direction=\u00bbtop\u00bb animation_intensity_slide=\u00bb10%\u00bb locked=\u00bboff\u00bb global_colors_info=\u00bb{}\u00bb]<\/p>\n<h3><span><strong>\u00bfQu\u00e9 es PYM<\/strong><strong>?<\/strong><\/span><\/h3>\n<p class=\"isSelectedEnd\"><span>PYM es una invitaci\u00f3n a redescubrir la inteligencia del cuerpo en movimiento. Una propuesta que integra a\u00f1os de danza, estudio e investigaci\u00f3n para recuperar movilidad, respirar mejor y volver a conectar con la inteligencia viva y animal de nuestro cuerpo.<\/span><\/p>\n<p><span>Cada sesi\u00f3n est\u00e1 enriquecida con conocimientos de biomec\u00e1nica, anatom\u00eda funcional y bioenerg\u00e9tica, combinando el fortalecimiento y la flexibilidad inspirados en el yoga y el pilates con una exploraci\u00f3n m\u00e1s amplia del movimiento y de las posibilidades de nuestro cuerpo.<\/span><\/p>\n<p>[\/et_pb_text][et_pb_image src=\u00bbhttps:\/\/sachikofullita.com\/wp-content\/uploads\/2026\/04\/PYM-pilates.-Yoga-Movimiento-1.png\u00bb title_text=\u00bbPYM pilates. Yoga &#8211; Movimiento (1)\u00bb _builder_version=\u00bb4.27.4&#8243; _module_preset=\u00bbdefault\u00bb custom_margin=\u00bb||13px|||\u00bb global_colors_info=\u00bb{}\u00bb][\/et_pb_image][et_pb_divider color=\u00bb#ed4441&#8243; divider_position=\u00bbcenter\u00bb divider_weight=\u00bb3px\u00bb disabled_on=\u00bbon|on|off%22&#8243; _builder_version=\u00bb4.16&#8243; max_width=\u00bb150px\u00bb height=\u00bbfalse\u00bb custom_margin=\u00bb3px|||||\u00bb animation_style=\u00bbslide\u00bb animation_direction=\u00bbtop\u00bb animation_delay=\u00bb100ms\u00bb animation_intensity_slide=\u00bb10%\u00bb locked=\u00bboff\u00bb global_colors_info=\u00bb{}\u00bb][\/et_pb_divider][et_pb_text _builder_version=\u00bb4.27.4&#8243; text_font=\u00bbRoboto||||\u00bb text_font_size=\u00bb16px\u00bb text_line_height=\u00bb1.9em\u00bb background_size=\u00bbinitial\u00bb background_position=\u00bbtop_left\u00bb background_repeat=\u00bbrepeat\u00bb max_width=\u00bb450px\u00bb custom_margin=\u00bb-23px|||||\u00bb custom_padding=\u00bb||4px|||\u00bb animation_style=\u00bbslide\u00bb animation_direction=\u00bbtop\u00bb animation_delay=\u00bb400ms\u00bb animation_intensity_slide=\u00bb4%\u00bb locked=\u00bboff\u00bb global_colors_info=\u00bb{}\u00bb]<\/p>\n<p class=\"isSelectedEnd\"><span><\/span><\/p>\n<p class=\"isSelectedEnd\"><span>Te acompa\u00f1o en un peque\u00f1o viaje a trav\u00e9s del movimiento y la respiraci\u00f3n consciente, creando un espacio seguro y respetuoso donde puedas escucharte, desarrollar tu autopercepci\u00f3n y encontrar formas m\u00e1s libres, eficientes y placenteras de moverte.<\/span><\/p>\n<p class=\"isSelectedEnd\"><span>Aprender\u00e1s a movilizar tus articulaciones, liberar tensiones y reconocer las relaciones entre las distintas partes del cuerpo, favoreciendo una mayor vitalidad y bienestar.<\/span><\/p>\n<h4><strong><span style=\"color: #333333;\">Las sesiones trabajan en tres dimensiones:<\/span><\/strong><\/h4>\n<p class=\"isSelectedEnd\"><strong><span>Cuerpo<\/span><\/strong><br \/><span>Movilidad, fuerza, coordinaci\u00f3n y armon\u00eda.<\/span><\/p>\n<p class=\"isSelectedEnd\"><strong><span>Energ\u00eda<\/span><\/strong><br \/><span>Respiraci\u00f3n consciente, vitalidad y regulaci\u00f3n.<\/span><\/p>\n<p class=\"isSelectedEnd\"><strong><span>Mente<\/span><\/strong><br \/><span>Presencia, atenci\u00f3n y relajaci\u00f3n.<\/span><\/p>\n<p class=\"isSelectedEnd\"><em><span>\u00abNuestro cuerpo lo absorbe todo. Necesitamos darnos un espacio para liberar tensiones f\u00edsicas y emocionales, fortalecer, estirar, respirar y recuperar el placer de movernos.\u00bb<\/span><\/em><\/p>\n<p><span>Una pr\u00e1ctica abierta a todos los cuerpos y edades, adaptable a las necesidades y posibilidades de cada persona.<\/span><\/p>\n<hr class=\"bg-offsetPlus dark:bg-offsetPlusDark h-px border-0\" node=\"[object Object]\" \/>\n<h1 class=\"gmail_default\">Clases presenciales &#8211; ciclo oto\u00f1o 26&#8242;<\/h1>\n<p><strong style=\"font-size: 16px;\">MARTES <\/strong><\/p>\n<p><span style=\"font-size: 16px;\"><strong>9:30 a 11h<\/strong> d<span>esde el 22 de septiembre al 15 de diciembre <\/span><\/span><span style=\"font-size: 16px;\"><span>(12 sesiones)<\/span><\/span><\/p>\n<ul>\n<li><strong style=\"font-size: 16px;\">Lugar:<\/strong><span style=\"font-size: 16px;\">\u00a0<\/span><span style=\"font-size: 16px;\">La Sala Grande &#8211; Institut Integratiu. C\/Valencia, 665 &#8211; 08026 (Metro Clot)<\/span><\/li>\n<\/ul>\n<p><strong style=\"font-size: 16px;\">JUEVES <\/strong><\/p>\n<p><span style=\"font-size: 16px;\"><strong>9:30 a 11h<\/strong> d<span>esde el 17 de septiembre al 17 de diciembre (12 sesiones &#8211; no habr\u00e1 clase 24\/09 ni 29\/10)<\/span><\/span><\/p>\n<p><span style=\"font-size: 16px;\"><strong>19:45 a 21h<\/strong> d<span>esde el 17 de septiembre al 17 de diciembre (11 sesiones &#8211; no habr\u00e1 clase 24\/09, 29\/10, 3\/12)<\/span><\/span><\/p>\n<ul class=\"marker:text-textOff list-disc\">\n<li>\n<p class=\"my-0\"><strong style=\"font-size: 16px;\">Lugar:<\/strong><span style=\"font-size: 16px;\">\u00a0<\/span><span style=\"font-size: 16px;\">Kundusling, Passatge de la Pau 10 BIS, 3\/1\u00a0 08002 (Metro Drassanes)<\/span><\/p>\n<\/li>\n<\/ul>\n<p class=\"my-0\"><strong>PRECIOS:<\/strong><\/p>\n<ul class=\"marker:text-textOff list-disc\">\n<li>Bono 24 sesiones: 230\u20ac<\/li>\n<li>Bono 12 sesiones: 145\u20ac<\/li>\n<li>Bono 11 sesiones: 135\u20ac<\/li>\n<li>Bono 6 sesiones 90\u20ac<\/li>\n<li>Clase de prueba: 16\u20ac<\/li>\n<\/ul>\n<p>*Sujetos a disponibilidad de plaza. Se priorizan los bonos para el trimestre completo.<\/p>\n<p>Es posible recuperar clase participando puntualmente en cualquiera de los 3 grupos o incluso entrando a la sesi\u00f3n online.<\/p>\n<p><em>Plazas limitadas. Se asignan en orden de inscripci\u00f3n.<\/em><\/p>\n<hr class=\"bg-offsetPlus dark:bg-offsetPlusDark h-px border-0\" node=\"[object Object]\" \/>\n<h2 class=\"mb-xs mt-5 text-base font-[500] first:mt-0 dark:font-[475]\">Clases Online (en directo)<\/h2>\n<ul class=\"marker:text-textOff list-disc\">\n<li>\n<p class=\"my-0\"><strong>D\u00eda:<\/strong><span>\u00a0<\/span>Mi\u00e9rcoles<\/p>\n<\/li>\n<li>\n<p class=\"my-0\"><strong>Horario:<\/strong><span>\u00a0<\/span>19:30 a 20:30 (hora Barcelona, GMT+1)<\/p>\n<\/li>\n<li>\n<p class=\"my-0\"><strong>Plataforma:<\/strong><span>\u00a0<\/span>Zoom<\/p>\n<\/li>\n<li>\n<p class=\"my-0\"><strong>Acceso:<\/strong><span> Link Zoom clase en directo + <\/span>Grabaci\u00f3n disponible durante 1 semana.<\/p>\n<\/li>\n<\/ul>\n<p class=\"my-0\"><strong>Aportaci\u00f3n:<\/strong><span>\u00a0<\/span>30\u20ac\/mes<\/p>\n<hr class=\"bg-offsetPlus dark:bg-offsetPlusDark h-px border-0\" node=\"[object Object]\" \/>\n<h2 class=\"mb-xs mt-5 text-base font-[500] first:mt-0 dark:font-[475]\">Inscripciones y Contacto<\/h2>\n<ul class=\"marker:text-textOff list-disc\">\n<li>\n<p class=\"my-0\"><strong>Email:<\/strong><span>\u00a0<\/span><a rel=\"nofollow noopener\" class=\"break-word hover:text-super hover:decoration-super dark:hover:text-superDark dark:hover:decoration-superDark underline decoration-from-font underline-offset-1 transition-all duration-300\" target=\"_blank\" href=\"mailto:sachikofullita@gmail.com\">sachikofullita@gmail.com<\/a><\/p>\n<\/li>\n<li>\n<p class=\"my-0\"><strong>WhatsApp\/Telegram:<\/strong><span>\u00a0<\/span>663 732 978<\/p>\n<\/li>\n<\/ul>\n<p class=\"my-0\">\u00bfTienes dudas o quieres reservar tu plaza? \u00a1Cont\u00e1ctame y te ayudo encantada!<\/p>\n<hr class=\"bg-offsetPlus dark:bg-offsetPlusDark h-px border-0\" node=\"[object Object]\" \/>\n<p class=\"my-0\"><strong>Recuerda:<\/strong><br \/>PYM es un espacio para escuchar el cuerpo, recuperar movilidad y cultivar una relaci\u00f3n m\u00e1s amable, consciente y viva con nosotrxs mismxs.<\/p>\n<p>[\/et_pb_text][et_pb_video src=\u00bbhttps:\/\/www.youtube.com\/shorts\/G6y1IGJ9QXU\u00bb _builder_version=\u00bb4.27.4&#8243; _module_preset=\u00bbdefault\u00bb global_colors_info=\u00bb{}\u00bb][\/et_pb_video][\/et_pb_column][et_pb_column type=\u00bb1_2&#8243; _builder_version=\u00bb4.16&#8243; custom_padding=\u00bb|||\u00bb global_colors_info=\u00bb{}\u00bb custom_padding__hover=\u00bb|||\u00bb][et_pb_image src=\u00bbhttps:\/\/sachikofullita.com\/wp-content\/uploads\/2025\/11\/Pilates-y-yoga-banner-web-clase-online.jpg\u00bb title_text=\u00bbPilates y yoga banner web clase online\u00bb _builder_version=\u00bb4.27.4&#8243; _module_preset=\u00bbdefault\u00bb global_colors_info=\u00bb{}\u00bb][\/et_pb_image][et_pb_video src=\u00bbhttps:\/\/www.youtube.com\/shorts\/wyzwbk_URyo\u00bb _builder_version=\u00bb4.27.4&#8243; _module_preset=\u00bbdefault\u00bb global_colors_info=\u00bb{}\u00bb][\/et_pb_video][et_pb_text _builder_version=\u00bb4.27.4&#8243; _module_preset=\u00bbdefault\u00bb global_colors_info=\u00bb{}\u00bb]<\/p>\n<h4><strong>Voces del grupo<\/strong><\/h4>\n<p>[\/et_pb_text][et_pb_video src=\u00bbhttps:\/\/www.youtube.com\/shorts\/QtSBmy07KHQ\u00bb src_webm=\u00bbhttps:\/\/www.youtube.com\/shorts\/QtSBmy07KHQ\u00bb _builder_version=\u00bb4.27.4&#8243; _module_preset=\u00bbdefault\u00bb global_colors_info=\u00bb{}\u00bb][\/et_pb_video][et_pb_video src=\u00bbhttps:\/\/www.youtube.com\/shorts\/5w5AmxYGEHw\u00bb _builder_version=\u00bb4.27.4&#8243; _module_preset=\u00bbdefault\u00bb global_colors_info=\u00bb{}\u00bb][\/et_pb_video][et_pb_video src=\u00bbhttps:\/\/www.youtube.com\/shorts\/gN6cl5w7pzU\u00bb _builder_version=\u00bb4.27.4&#8243; _module_preset=\u00bbdefault\u00bb global_colors_info=\u00bb{}\u00bb][\/et_pb_video][et_pb_accordion _builder_version=\u00bb4.27.4&#8243; _module_preset=\u00bbdefault\u00bb global_colors_info=\u00bb{}\u00bb][et_pb_accordion_item title=\u00bbTestimonios\u00bb open=\u00bbon\u00bb _builder_version=\u00bb4.27.4&#8243; _module_preset=\u00bbdefault\u00bb global_colors_info=\u00bb{}\u00bb]<\/p>\n<p><span>La combinaci\u00f3n de las 3 disciplinas de Movimiento Pilates y Yoga, apoyada por la creatividad de Sashiko, hace que esta clase no se parezca a ninguna otra. Adem\u00e1s, est\u00e1 atenta a todos, comprometida y presente, y hay muy buen esp\u00edritu. Gracias Sashiko<\/span><\/p>\n<p><span>Aude<\/span><\/p>\n<p><span>Bendita sea Sachiko quien imparte clases de una claridad impecable y de alto poder curativo! Me encanta la fusi\u00f3n que ha creado de varias pr\u00e1cticas, llevando el cuerpo a liberarse de tensiones, a fortalecer el centro y a acompasar la respiraci\u00f3n al movimiento.Una sale revitalizada y con \u00e1nimo!<\/span><\/p>\n<p><span>Mathilde<\/span><\/p>\n<p><span>Estoy encantad\u00edsima con sus clases. Es una gran profesional, destaco su capacidad de adaptaci\u00f3n al grupo\/clase, sus conocimientos en la materia y su manera de transmitirlos. Sabe tratar y llegar a las personas. 100% recomendable.<\/span><\/p>\n<p><span>Bel\u00e9n<\/span><\/p>\n<p><span>En las clases de Sachiko se alcanzan niveles profundos de consciencia corporal y bienestar a trav\u00e9s de su propuesta de ejercitaci\u00f3n que combina distintas pr\u00e1cticas de movimento. Imprescindible para activar todos los sentidos, cuidar todos los tejidos y sentirse \u00e0gil y disponible.<\/span><\/p>\n<p><span>Marc<\/span><\/p>\n<p><span>Las clases de Sachiko son espectaculares. Su carisma y su experiencia en danza, yoga y anatom\u00eda del cuerpo, promueven a que cada clase sea una aproximaci\u00f3n al autoconocimiento. Trabaja con profundidad y sutileza el movimiento despertando a trav\u00e9s de este, el desarollo del potencial creativo. Cada clase es un regalo.<\/span><\/p>\n<p><span>Mar\u00eda<\/span><\/p>\n<p><span><\/span><\/p>\n<p><span><\/span><\/p>\n<p>[\/et_pb_accordion_item][et_pb_accordion_item title=\u00bbLeer m\u00e1s testimonios\u00bb _builder_version=\u00bb4.27.4&#8243; _module_preset=\u00bbdefault\u00bb global_colors_info=\u00bb{}\u00bb open=\u00bboff\u00bb]<\/p>\n<p><span>Sachiko es una profesional que tiene una escucha atenta y una presencia tranquila. Sabe guiarte para que aprendas a ser consciente de tu cuerpo, de lo que necesita y de c\u00f3mo fortalecerlo poco a poco. Te ense\u00f1a c\u00f3mo la respiraci\u00f3n es fundamental, tambi\u00e9n durante los ejercicios. Yo siempre salgo agradecida y muy relajada de sus clases.<\/span><\/p>\n<p><span>Maria \u00c1frica<\/span><\/p>\n<p><span>Adoro Sachiko y sus clases! Estoy s\u00faper agradecida de haberla encontrada en mi camino porque practicando PIM han desaparecido mis Dolores de lumbares y en general me encanta ir al taller por la buena energ\u00eda que Sachiko sabe transmitir! Recomendadisimo todo \ud83d\ude42<\/span><\/p>\n<p><span>Raffaela<\/span><\/p>\n<p><span>Llevo un a\u00f1o y medio asistiendo a las clases de Sachiko. Me encantan, ella es una persona adorable, cari\u00f1osa, divertida e inspiradora, siempre con buena actitud y atenta a nuestras necesidades. Nos corrige las posturas y anima a superarnos. La verdad que ha sido un acierto matricularme. Se adaptan a lo que buscaba.<\/span><\/p>\n<p><span>Sylvia<\/span><\/p>\n<p><span>Sus sesiones son una buena combinaci\u00f3n de ejercicios para mejorar fuerza y elasticidad, adaptadas a cada persona.<\/span><\/p>\n<p><span>Ester<\/span><\/p>\n<p><span>Sachiko es paz. Con ella te sientes como una gran bailarina. Te transmite su pasi\u00f3n por el baile, con confianza, seguridad, conocimiento, energ\u00eda y delicadeza, creando as\u00ed un clima muy especial en sus clases. Es una gran profesora y la mejor bailarina! Gracias!!!!<\/span><\/p>\n<p><span>Maribel<\/span><\/p>\n<p><span>Clases estupendas, sientan muy bien. Muy paciente y atenta a las necesidades de cada persona, las explicaciones muy claras que te hacen seguir la clase f\u00e1cilmente. Muy cuidadosa con el cuerpo<\/span><span><\/span><\/p>\n<p><span>Anna<\/span><\/p>\n<p><span>Me encantan sus clases!! Sachiko es muy atenta con lo que mi cuerpo necesita, con mis l\u00edmites o tambi\u00e9n mis momentos de vida (m\u00e1s o menos calmados, estresados&#8230;). As\u00ed consigue que su clase sea regeneradora al 100%. Adem\u00e1s, sabe mucho de anatom\u00eda. En mi caso particular, mi herramienta de trabajo es el cuerpo, as\u00cd que me ayuda mucho a que todos mis musculos, mis movimientos, mis \u00f3rganos est\u00e9n trabajando y aprendiendo buenos habitos para un muy buen funcionamiento y calidad de vida. A todo esto le sumas su amabilidad y simpat\u00eda y&#8230; voil\u00e0!!<\/span><\/p>\n<p><span>Nerea<\/span><\/p>\n<p><span>Las clases de Sachiko son muy buenas, siempre perfectamente organizadas y teniendo en cuentas las posibilidades de cada alumno. Su entusiasmo es contagioso. Una excelente profesional. He hecho 2 cursos con ella y seguramente lo repetir\u00e9.<\/span><\/p>\n<p><span>Giorgi<\/span><\/p>\n<p><span>Una gran comunicadora, gran profesional y muy amable y cercana. Repetir\u00eda sin duda en cualquiera de sus clases.<\/span><\/p>\n<p><span>Ana<\/span><\/p>\n<p><span>Sus ejercicios y estiramientos mejoraron mis problemas lumbares. Adem\u00e1s son clases muy amenas y variadas.<\/span><\/p>\n<p><span>Raquel<\/span><\/p>\n<p><span>Escucha las necesidades de lxs alumnxs, revisa y te da indicaciones para mejorar la pr\u00e1ctica. Trabaja desde el cuerpo y la respiraci\u00f3n. Recomendable 100%!<\/span><\/p>\n<p><span>Claudia<\/span><\/p>\n<p><span>Llevo dos a\u00f1os recibiendo clases de Sachiko y me encantan. Est\u00e1 siendo una experiencia muy positiva tanto a nivel de aprendizaje como a nivel humano. Totalmente aconsejable.<\/span><\/p>\n<p><span>Maria Luisa<\/span><\/p>\n<p><span>Sus clases son medicina para mi cuerpo. Siento la diferencia cuando no hago las clases y cuando s\u00ed. Mi cuerpo se siente bien, la energ\u00eda circula libremente y los niveles de alegr\u00eda crecen! La s\u00faper recomiendo!<\/span><\/p>\n<p><span>Mariel<\/span><\/p>\n<p>[\/et_pb_accordion_item][\/et_pb_accordion][\/et_pb_column][\/et_pb_row][\/et_pb_section]<\/p>\n","protected":false},"excerpt":{"rendered":"<p>Descubre c\u00f3mo transformar tu bienestar desde adentro hacia afuera! Mu\u00e9vete, respira, si\u00e9ntete bien en tu cuerpo.<\/p>\n","protected":false},"author":1,"featured_media":1344,"comment_status":"closed","ping_status":"closed","sticky":false,"template":"","format":"standard","meta":{"_et_pb_use_builder":"on","_et_pb_old_content":"","_et_gb_content_width":"","_jetpack_memberships_contains_paid_content":false,"footnotes":""},"categories":[12],"tags":[19,16,20,17],"class_list":["post-532","post","type-post","status-publish","format-standard","has-post-thumbnail","hentry","category-clases-regulares","tag-biomecanica","tag-pilates","tag-respiracion-consciente","tag-yoga"],"jetpack_featured_media_url":"https:\/\/sachikofullita.com\/wp-content\/uploads\/2025\/12\/banner-PYM-3.jpg","jetpack_sharing_enabled":true,"_links":{"self":[{"href":"https:\/\/sachikofullita.com\/index.php?rest_route=\/wp\/v2\/posts\/532","targetHints":{"allow":["GET"]}}],"collection":[{"href":"https:\/\/sachikofullita.com\/index.php?rest_route=\/wp\/v2\/posts"}],"about":[{"href":"https:\/\/sachikofullita.com\/index.php?rest_route=\/wp\/v2\/types\/post"}],"author":[{"embeddable":true,"href":"https:\/\/sachikofullita.com\/index.php?rest_route=\/wp\/v2\/users\/1"}],"replies":[{"embeddable":true,"href":"https:\/\/sachikofullita.com\/index.php?rest_route=%2Fwp%2Fv2%2Fcomments&post=532"}],"version-history":[{"count":80,"href":"https:\/\/sachikofullita.com\/index.php?rest_route=\/wp\/v2\/posts\/532\/revisions"}],"predecessor-version":[{"id":1369,"href":"https:\/\/sachikofullita.com\/index.php?rest_route=\/wp\/v2\/posts\/532\/revisions\/1369"}],"wp:featuredmedia":[{"embeddable":true,"href":"https:\/\/sachikofullita.com\/index.php?rest_route=\/wp\/v2\/media\/1344"}],"wp:attachment":[{"href":"https:\/\/sachikofullita.com\/index.php?rest_route=%2Fwp%2Fv2%2Fmedia&parent=532"}],"wp:term":[{"taxonomy":"category","embeddable":true,"href":"https:\/\/sachikofullita.com\/index.php?rest_route=%2Fwp%2Fv2%2Fcategories&post=532"},{"taxonomy":"post_tag","embeddable":true,"href":"https:\/\/sachikofullita.com\/index.php?rest_route=%2Fwp%2Fv2%2Ftags&post=532"}],"curies":[{"name":"wp","href":"https:\/\/api.w.org\/{rel}","templated":true}]}}