{"id":261,"date":"2026-02-11T17:35:43","date_gmt":"2026-02-11T17:35:43","guid":{"rendered":"https:\/\/sachikofullita.com\/?page_id=261"},"modified":"2026-08-20T12:57:42","modified_gmt":"2026-08-20T12:57:42","slug":"activa-tu-fuerza","status":"publish","type":"post","link":"https:\/\/sachikofullita.com\/?p=261","title":{"rendered":"Retiro ShiZen"},"content":{"rendered":"<p>[et_pb_section fb_built=\u00bb1&#8243; _builder_version=\u00bb4.16&#8243; custom_padding=\u00bb94px||3px|||\u00bb global_colors_info=\u00bb{}\u00bb][et_pb_row _builder_version=\u00bb4.27.4&#8243; global_colors_info=\u00bb{}\u00bb][et_pb_column type=\u00bb4_4&#8243; _builder_version=\u00bb4.16&#8243; custom_padding=\u00bb|||\u00bb global_colors_info=\u00bb{}\u00bb custom_padding__hover=\u00bb|||\u00bb][et_pb_image src=\u00bbhttps:\/\/sachikofullita.com\/wp-content\/uploads\/2026\/06\/Shizen-poster.jpg\u00bb title_text=\u00bbShizen poster\u00bb _builder_version=\u00bb4.27.4&#8243; _module_preset=\u00bbdefault\u00bb global_colors_info=\u00bb{}\u00bb][\/et_pb_image][\/et_pb_column][\/et_pb_row][et_pb_row _builder_version=\u00bb4.27.4&#8243; _module_preset=\u00bbdefault\u00bb global_colors_info=\u00bb{}\u00bb][et_pb_column type=\u00bb4_4&#8243; _builder_version=\u00bb4.27.4&#8243; _module_preset=\u00bbdefault\u00bb global_colors_info=\u00bb{}\u00bb][et_pb_text _builder_version=\u00bb4.27.4&#8243; _module_preset=\u00bbdefault\u00bb global_colors_info=\u00bb{}\u00bb]<\/p>\n<h1 style=\"text-align: center;\"><strong>SHIZEN:<\/strong><\/h1>\n<h1 style=\"text-align: center;\"><strong>El arte de ser t\u00fa<\/strong><\/h1>\n<p>[\/et_pb_text][et_pb_text _builder_version=\u00bb4.27.4&#8243; _module_preset=\u00bbdefault\u00bb global_colors_info=\u00bb{}\u00bb]<\/p>\n<h4 data-start=\"3395\" data-end=\"3499\" style=\"text-align: center;\">10\/11\/12 de octubre<\/h4>\n<p>[\/et_pb_text][et_pb_text _builder_version=\u00bb4.27.4&#8243; _module_preset=\u00bbdefault\u00bb header_3_text_color=\u00bb#000000&#8243; header_3_font_size=\u00bb19px\u00bb header_3_line_height=\u00bb1.5em\u00bb global_colors_info=\u00bb{}\u00bb]<\/p>\n<h3 class=\"cvGsUA direction-ltr align-center para-style-body\" style=\"text-align: center;\"><span style=\"font-size: x-large; color: #000000;\"><span class=\"a_GcMg font-feature-liga-off font-feature-clig-off font-feature-calt-off text-decoration-none text-strikethrough-none\">Un tiempo para<\/span><span class=\"a_GcMg font-feature-liga-off font-feature-clig-off font-feature-calt-off text-decoration-none text-strikethrough-none white-space-prewrap\"> <\/span><\/span><\/h3>\n<h3 class=\"cvGsUA direction-ltr align-center para-style-body\" style=\"text-align: center;\"><span style=\"font-size: x-large; color: #000000;\"><span class=\"a_GcMg font-feature-liga-off font-feature-clig-off font-feature-calt-off text-decoration-none text-strikethrough-none\">despertar la vitalidad,<\/span><span class=\"a_GcMg font-feature-liga-off font-feature-clig-off font-feature-calt-off text-decoration-none text-strikethrough-none white-space-prewrap\"> <\/span><\/span><\/h3>\n<h3 class=\"cvGsUA direction-ltr align-center para-style-body\" style=\"text-align: center;\"><span style=\"font-size: x-large; color: #ffffff;\"><span class=\"a_GcMg font-feature-liga-off font-feature-clig-off font-feature-calt-off text-decoration-none text-strikethrough-none\" style=\"color: #000000;\">abrir los sentidos y cultivar<\/span><span class=\"a_GcMg font-feature-liga-off font-feature-clig-off font-feature-calt-off text-decoration-none text-strikethrough-none white-space-prewrap\"> <\/span><\/span><\/h3>\n<h3 class=\"cvGsUA direction-ltr align-center para-style-body\" style=\"text-align: center;\"><span class=\"a_GcMg font-feature-liga-off font-feature-clig-off font-feature-calt-off text-decoration-none text-strikethrough-none\" style=\"font-size: x-large; color: #000000;\">una presencia m\u00e1s consciente y creativa.<\/span><\/h3>\n<p>[\/et_pb_text][\/et_pb_column][\/et_pb_row][et_pb_row _builder_version=\u00bb4.27.4&#8243; _module_preset=\u00bbdefault\u00bb custom_padding=\u00bb||1px|||\u00bb global_colors_info=\u00bb{}\u00bb][et_pb_column type=\u00bb4_4&#8243; _builder_version=\u00bb4.27.4&#8243; _module_preset=\u00bbdefault\u00bb global_colors_info=\u00bb{}\u00bb][et_pb_divider color=\u00bb#993115&#8243; divider_weight=\u00bb3px\u00bb _builder_version=\u00bb4.27.4&#8243; _module_preset=\u00bbdefault\u00bb width=\u00bb17%\u00bb max_width=\u00bb100%\u00bb module_alignment=\u00bbcenter\u00bb global_colors_info=\u00bb{}\u00bb][\/et_pb_divider][\/et_pb_column][\/et_pb_row][et_pb_row column_structure=\u00bb3_5,2_5&#8243; _builder_version=\u00bb4.27.4&#8243; _module_preset=\u00bbdefault\u00bb background_image=\u00bbhttps:\/\/sachikofullita.com\/wp-content\/uploads\/2026\/06\/banner-web-shizen-vacio-scaled.jpg\u00bb custom_padding=\u00bb0px||55px|||\u00bb global_colors_info=\u00bb{}\u00bb][et_pb_column type=\u00bb3_5&#8243; _builder_version=\u00bb4.27.4&#8243; _module_preset=\u00bbdefault\u00bb global_colors_info=\u00bb{}\u00bb][et_pb_text _builder_version=\u00bb4.27.4&#8243; _module_preset=\u00bbdefault\u00bb header_2_font_size=\u00bb21px\u00bb header_2_line_height=\u00bb1.6em\u00bb header_3_line_height=\u00bb1.5em\u00bb custom_padding=\u00bb164px||14px|||\u00bb global_colors_info=\u00bb{}\u00bb]<\/p>\n<h3 style=\"text-align: center;\"><span style=\"color: #ffffff;\"><em>\u00abUna flor no compite con la flor de al lado.<\/em><\/span><br \/><span style=\"color: #ffffff;\"><em>Simplemente florece\u00bb.<br \/>&#8211; Thich Nhat Hanh &#8211;<\/em><\/span><\/h3>\n<p>[\/et_pb_text][et_pb_text _builder_version=\u00bb4.27.4&#8243; _module_preset=\u00bbdefault\u00bb text_text_color=\u00bb#FFFFFF\u00bb text_font_size=\u00bb16px\u00bb custom_padding=\u00bb30px|38px||38px|false|false\u00bb global_colors_info=\u00bb{}\u00bb]<\/p>\n<p style=\"text-align: center;\">Rodead@s de bosque y monta\u00f1as, te invitamos a darte un tiempo para respirar, moverte, crear y simplemente ser.<\/p>\n<p style=\"text-align: center;\"><span class=\"a_GcMg font-feature-liga-off font-feature-clig-off font-feature-calt-off text-decoration-none text-strikethrough-none\"><\/span><\/p>\n<p style=\"text-align: center;\"><span class=\"a_GcMg font-feature-liga-off font-feature-clig-off font-feature-calt-off text-decoration-none text-strikethrough-none\">Tres d\u00edas para bajar el ritmo, reconectar con tu naturaleza y redescubrir el placer de habitar tu cuerpo, revitalizar tu energ\u00eda y descansar la mente .<\/span><\/p>\n<p>[\/et_pb_text][\/et_pb_column][et_pb_column type=\u00bb2_5&#8243; _builder_version=\u00bb4.27.4&#8243; _module_preset=\u00bbdefault\u00bb global_colors_info=\u00bb{}\u00bb][et_pb_video src=\u00bbhttps:\/\/youtube.com\/shorts\/Fhz8OitIYi0?is=vmmz1gZ_CMMOKmd0&#8243; src_webm=\u00bbhttps:\/\/youtube.com\/shorts\/Fhz8OitIYi0?is=vmmz1gZ_CMMOKmd0&#8243; _builder_version=\u00bb4.27.4&#8243; _module_preset=\u00bbdefault\u00bb custom_margin=\u00bb||-55px|||\u00bb global_colors_info=\u00bb{}\u00bb][\/et_pb_video][\/et_pb_column][\/et_pb_row][et_pb_row column_structure=\u00bb1_5,3_5,1_5&#8243; _builder_version=\u00bb4.27.4&#8243; _module_preset=\u00bbdefault\u00bb background_color=\u00bbrgba(204,204,204,0.12)\u00bb custom_padding=\u00bb0px|||||\u00bb global_colors_info=\u00bb{}\u00bb][et_pb_column type=\u00bb1_5&#8243; _builder_version=\u00bb4.27.4&#8243; _module_preset=\u00bbdefault\u00bb global_colors_info=\u00bb{}\u00bb][\/et_pb_column][et_pb_column type=\u00bb3_5&#8243; _builder_version=\u00bb4.27.4&#8243; _module_preset=\u00bbdefault\u00bb global_colors_info=\u00bb{}\u00bb][et_pb_text _builder_version=\u00bb4.27.4&#8243; _module_preset=\u00bbdefault\u00bb header_3_line_height=\u00bb1.5em\u00bb custom_padding=\u00bb43px||||false|false\u00bb global_colors_info=\u00bb{}\u00bb]<\/p>\n<h3 data-start=\"1104\" data-end=\"1301\"><span style=\"font-size: 26px;\">\u00bfQu\u00e9 vivir\u00e1s durante este fin de semana?<\/span><\/h3>\n<h3>1. Respirar para volver a ti<\/h3>\n<p>La respiraci\u00f3n es un puente entre cuerpo, energ\u00eda y mente.<\/p>\n<p>A trav\u00e9s de pr\u00e1cticas de respiraci\u00f3n consciente, exploraremos c\u00f3mo:<\/p>\n<ul>\n<li>despertar nuestra vitalidad natural<\/li>\n<li>regular el sistema nervioso<\/li>\n<li>cultivar calma y claridad<\/li>\n<li>favorecer el equilibrio emocional<\/li>\n<li>habitar el momento presente con m\u00e1s presencia y bienestar<\/li>\n<\/ul>\n<p>Pr\u00e1cticas sencillas y profundas que podr\u00e1s seguir integrando mucho m\u00e1s all\u00e1 del retiro.<\/p>\n<hr \/>\n<h3>2. El placer de moverte<\/h3>\n<h4>Despertar el cuerpo animal<\/h4>\n<p>A trav\u00e9s de sesiones de PYM (Pilates \u00b7 Yoga \u00b7 Movimiento) y Danza Libre, exploraremos formas de movernos con m\u00e1s conciencia, libertad y disfrute.<\/p>\n<p>Estas pr\u00e1cticas te ayudar\u00e1n a:<\/p>\n<ul>\n<li>mejorar tu movilidad de forma respetuosa y segura<\/li>\n<li>liberar tensiones y recuperar fluidez<\/li>\n<li>equilibrar fuerza y flexibilidad<\/li>\n<li>despertar tu energ\u00eda y vitalidad natural<\/li>\n<li>desarrollar una mayor presencia y sensibilidad corporal<\/li>\n<\/ul>\n<p>M\u00e1s all\u00e1 del ejercicio, te invitamos a reconectar con la inteligencia natural del cuerpo: esa parte espont\u00e1nea, curiosa y vibrante que sabe explorar, adaptarse y disfrutar del movimiento.<\/p>\n<p>Todo adaptado a tu nivel. Sin exigencia. Sin presi\u00f3n. Entrenando la autoescucha.<\/p>\n<hr \/>\n<h3>3. Reconexi\u00f3n, Intuici\u00f3n y Expresi\u00f3n<\/h3>\n<p>A trav\u00e9s de propuestas de exploraci\u00f3n corporal y expresiva, te invitaremos a:<\/p>\n<ul>\n<li>despertar tu capacidad creativa natural<\/li>\n<li>cultivar la escucha y la intuici\u00f3n<\/li>\n<li>ampliar tu repertorio de movimiento y expresi\u00f3n<\/li>\n<li>recuperar espontaneidad, curiosidad y juego<\/li>\n<li>habitarte con m\u00e1s autenticidad y libertad<\/li>\n<\/ul>\n<p>Integraremos pr\u00e1cticas de automasaje, bioenerg\u00e9tica, movimiento intuitivo, danza libre y propuestas inspiradas en las artes expresivas, creando un espacio seguro para descubrir nuevas formas de sentir, percibir y expresarte.<\/p>\n<hr \/>\n<h3>4. Naturaleza, Presencia y Creatividad<\/h3>\n<p>Integraremos caminatas creativas y conscientes en la naturaleza, acompa\u00f1adas de propuestas sensoriales y espacios de contemplaci\u00f3n, para:<\/p>\n<ul>\n<li>despertar los sentidos<\/li>\n<li>cultivar la presencia<\/li>\n<li>conectar con la belleza del entorno<\/li>\n<li>favorecer la intuici\u00f3n y la inspiraci\u00f3n<\/li>\n<li>reconectar con los ritmos naturales<\/li>\n<\/ul>\n<p>Un espacio para caminar, observar, sentir y dejar que la naturaleza nos inspire.<\/p>\n<hr \/>\n<h2>\u00bfQu\u00e9 te llevar\u00e1s de este retiro?<\/h2>\n<ul>\n<li>herramientas sencillas y pr\u00e1cticas para cuidar de ti en tu d\u00eda a d\u00eda<\/li>\n<li>una mayor capacidad para regular el estr\u00e9s y cultivar el bienestar<\/li>\n<li>m\u00e1s claridad, energ\u00eda y presencia<\/li>\n<li>un cuerpo m\u00e1s abierto, sensible y disponible<\/li>\n<li>una conexi\u00f3n m\u00e1s profunda con tu creatividad, intuici\u00f3n y naturaleza<\/li>\n<li>inspiraci\u00f3n para vivir con m\u00e1s autenticidad y disfrute<\/li>\n<li>la experiencia de compartir y crecer en un grupo peque\u00f1o y cercano<\/li>\n<\/ul>\n<h4 data-start=\"2999\" data-end=\"3036\"><em>Y, sobre todo, quiz\u00e1s, redescubrir la belleza de ser t\u00fa, con m\u00e1s presencia, libertad y naturalidad.<\/em><\/h4>\n<h2 data-start=\"2999\" data-end=\"3036\"><strong data-start=\"3005\" data-end=\"3036\"><\/strong><\/h2>\n<h2 data-start=\"2999\" data-end=\"3036\"><strong data-start=\"3005\" data-end=\"3036\"><\/strong><\/h2>\n<h2 data-start=\"3338\" data-end=\"3394\"><strong data-start=\"3344\" data-end=\"3392\"><\/strong><\/h2>\n<h2 data-start=\"3338\" data-end=\"3394\" style=\"text-align: center;\"><strong data-start=\"3344\" data-end=\"3392\">Retiro<br \/><\/strong><strong data-start=\"3344\" data-end=\"3392\"><\/strong><\/h2>\n<h3 data-start=\"3395\" data-end=\"3499\" style=\"text-align: center;\">10\/11\/12 de octubre<\/h3>\n<h3 style=\"text-align: center;\"><span style=\"font-weight: 400;\"><strong>Co-facilitan: <\/strong><\/span><span style=\"font-weight: 400;\">S\u00e2chiko Fullita, <\/span><span style=\"font-weight: 400;\">Matthias Schmal-Filius, Patricia Mart\u00edn y Jimena Villar\u00e1n.\u00a0<\/span><\/h3>\n<h3 style=\"text-align: center;\"><span style=\"font-weight: 400;\"><strong>D\u00f3nde:<\/strong> En la <span style=\"text-decoration: underline;\"><a href=\"https:\/\/maps.app.goo.gl\/ngA3iYqJwtf761Vs5\">Mas\u00eda Portavella<\/a>,<\/span> Ripoll<\/span><\/h3>\n<p>&nbsp;<\/p>\n<h3 data-start=\"3501\" data-end=\"3564\" style=\"text-align: center;\"><strong data-start=\"3504\" data-end=\"3564\">PLAZAS LIMITADAS<\/strong><\/h3>\n<p>[\/et_pb_text][et_pb_button button_url=\u00bbhttps:\/\/forms.gle\/3Ub4uHQXNc2YJmLE9&#8243; button_text=\u00bbInscr\u00edbete aqu\u00ed\u00bb button_alignment=\u00bbcenter\u00bb _builder_version=\u00bb4.27.4&#8243; _module_preset=\u00bbdefault\u00bb custom_button=\u00bbon\u00bb global_colors_info=\u00bb{}\u00bb][\/et_pb_button][\/et_pb_column][et_pb_column type=\u00bb1_5&#8243; _builder_version=\u00bb4.27.4&#8243; _module_preset=\u00bbdefault\u00bb global_colors_info=\u00bb{}\u00bb][\/et_pb_column][\/et_pb_row][et_pb_row _builder_version=\u00bb4.27.4&#8243; _module_preset=\u00bbdefault\u00bb custom_margin=\u00bb-18px|auto||auto||\u00bb global_colors_info=\u00bb{}\u00bb][et_pb_column type=\u00bb4_4&#8243; _builder_version=\u00bb4.27.4&#8243; _module_preset=\u00bbdefault\u00bb global_colors_info=\u00bb{}\u00bb][et_pb_accordion _builder_version=\u00bb4.27.4&#8243; _module_preset=\u00bbdefault\u00bb background_color=\u00bb#0C71C3&#8243; background_enable_image=\u00bboff\u00bb global_colors_info=\u00bb{}\u00bb][et_pb_accordion_item title=\u00bbEste retiro es para ti si&#8230;\u00bb open=\u00bbon\u00bb _builder_version=\u00bb4.27.4&#8243; _module_preset=\u00bbdefault\u00bb global_colors_info=\u00bb{}\u00bb]<\/p>\n<ul data-spread=\"false\">\n<li><span>deseas regalarte un tiempo de autocuidado y bienestar<\/span><\/li>\n<li><span>sientes la necesidad de bajar el ritmo y reconectar contigo<\/span><\/li>\n<li><span>quieres cultivar una relaci\u00f3n m\u00e1s consciente y amable con tu cuerpo<\/span><\/li>\n<li><span>te interesa explorar la respiraci\u00f3n, el movimiento y la presencia como herramientas de transformaci\u00f3n cotidiana<\/span><\/li>\n<li><span>buscas espacios de naturaleza, inspiraci\u00f3n y autenticidad<\/span><\/li>\n<li><span>quieres despertar tu creatividad, intuici\u00f3n y capacidad de expresi\u00f3n<\/span><\/li>\n<li><span>disfrutas aprendiendo a trav\u00e9s de la experiencia, el cuerpo y la sensibilidad<\/span><\/li>\n<\/ul>\n<p class=\"isSelectedEnd\"><span>ShiZen es una invitaci\u00f3n a respirar, moverte, crear y simplemente ser.<\/span><\/p>\n<p class=\"isSelectedEnd\"><span>Durante este fin de semana compartiremos pr\u00e1cticas accesibles y profundas que integran movimiento consciente, respiraci\u00f3n, naturaleza y expresi\u00f3n, para favorecer una mayor conexi\u00f3n con tu vitalidad, tu bienestar y tu propia naturaleza.<\/span><\/p>\n<p class=\"isSelectedEnd\"><span>No se requiere experiencia previa.<\/span><\/p>\n<p><span>Todos los cuerpos, edades y recorridos son bienvenidos.<\/span><\/p>\n<p>[\/et_pb_accordion_item][et_pb_accordion_item title=\u00bbSobre el alojamiento y la comida\u00bb _builder_version=\u00bb4.27.4&#8243; _module_preset=\u00bbdefault\u00bb global_colors_info=\u00bb{}\u00bb open=\u00bboff\u00bb]<\/p>\n<p><span style=\"font-weight: 400;\">El evento incluye alojamiento de 2 noches en pensi\u00f3n completa.<\/span><\/p>\n<ul>\n<li><span style=\"font-weight: 400;\">Hay 3 opciones de alojamiento:<\/span><\/li>\n<\/ul>\n<p><span style=\"font-weight: 400;\">&#8211; Dormitorio: Literas en un amplio espacio, muy bien ventilado, con mucha luz natural. Cuenta con lavabos y duchas compartidas.<\/span><\/p>\n<p><span style=\"font-weight: 400;\">&#8211; Habitaciones compartidas: Ubicadas en una torre del S.XI, con vistas panor\u00e1micas y ba\u00f1o propio. A compatir entre 3-4 personas.<\/span><\/p>\n<p><span style=\"font-weight: 400;\">&#8211; Habitaci\u00f3n privada: La misma descrita anteriormente pero a compartir solo entre 2 personas.<\/span><span style=\"font-weight: 400;\"><\/span><\/p>\n<ul>\n<li><span style=\"font-weight: 400;\">La comida en Portavella es deliciosa, de proximidad, mayormente vegetariana y se atienden intolerancias.<\/span><\/li>\n<\/ul>\n<p><span style=\"font-weight: 400;\"> Disfrutar\u00e1s de <strong>6 comidas<\/strong>, empezando con la cena del d\u00eda s\u00e1bado 10 + <strong>snacks durante todo el fin de semana<\/strong> (frutas de estaci\u00f3n, galletas e infusiones). Sin embargo, puedes tambi\u00e9n traer tus snacks favoritos.<\/span><\/p>\n<p>[\/et_pb_accordion_item][et_pb_accordion_item title=\u00bbPrecios todo incluido\u00bb _builder_version=\u00bb4.27.4&#8243; _module_preset=\u00bbdefault\u00bb global_colors_info=\u00bb{}\u00bb open=\u00bboff\u00bb]<\/p>\n<div class=\"gmail_default\">\n<div>\n<h3><strong>El precio incluye:<\/strong><\/h3>\n<p>Taller + alojamiento en pensi\u00f3n completa<\/p>\n<p><strong>Early bird, antes del 31 de AGOSTO 2026:<\/strong> desde<strong> 270\u20ac<\/strong> (seg\u00fan el alojamiento escogido).<\/p>\n<p><strong>A partir del 1 de SEPTIEMBRE 2026: <\/strong>desde<strong> 295\u20ac<\/strong> (seg\u00fan el alojamiento escogido)<\/p>\n<p>&nbsp;<\/p>\n<\/div>\n<\/div>\n<div class=\"gmail_default\"><\/div>\n<p>[\/et_pb_accordion_item][et_pb_accordion_item title=\u00bbPrograma del retiro\u00bb _builder_version=\u00bb4.27.4&#8243; _module_preset=\u00bbdefault\u00bb global_colors_info=\u00bb{}\u00bb open=\u00bboff\u00bb]<\/p>\n<h2>S\u00e1bado 10\/10<\/h2>\n<p>16:00 Llegada y bienvenida<\/p>\n<p>17:00 \u2013 19:00<br \/>Respirar para volver a ti<br \/>(Breathwork y PYM)<\/p>\n<p>20:00 Cena<\/p>\n<p>21:30 \u2013 22:15<br \/>Relajaci\u00f3n profunda y descanso consciente<\/p>\n<hr \/>\n<h2>Domingo 11\/10<\/h2>\n<p>8:30 \u2013 9:00<br \/>Despertar el cuerpo animal<\/p>\n<p>9:00 Desayuno<\/p>\n<p>10:30 \u2013 12:30<br \/>Respiraci\u00f3n, energ\u00eda y presencia<\/p>\n<p>13:00 Comida<\/p>\n<p>16:00 \u2013 17:30<br \/>Naturaleza, presencia y creatividad<br \/>(Caminata consciente)<\/p>\n<p>18:30 \u2013 20:00<br \/>Reconexi\u00f3n, intuici\u00f3n y expresi\u00f3n<br \/>(Movimiento libre y exploraci\u00f3n de la voz)<\/p>\n<p>20:00 Cena<\/p>\n<p>21:30 \u2013 22:00<br \/>Relajaci\u00f3n y descanso consciente<\/p>\n<hr \/>\n<h2>Lunes 12\/10<\/h2>\n<p>8:30 \u2013 9:00<br \/>Despierta tu fuerza<\/p>\n<p>9:00 Desayuno<\/p>\n<p>10:30 \u2013 12:30<br \/>La belleza de ser t\u00fa<br \/>(PYM, caminata creativa y consciente)<\/p>\n<p>13:00 Comida<\/p>\n<p>15:00 \u2013 16:30<br \/>Integraci\u00f3n y cierre grupal<\/p>\n<p>[\/et_pb_accordion_item][et_pb_accordion_item title=\u00bbInscr\u00edbete aqu\u00ed\u00bb _builder_version=\u00bb4.27.4&#8243; _module_preset=\u00bbdefault\u00bb link_option_url=\u00bbhttps:\/\/forms.gle\/b8HZ1pMcDaD21E77A\u00bb global_colors_info=\u00bb{}\u00bb open=\u00bboff\u00bb]<\/p>\n<p>Rellena este formulario donde encontrar\u00e1s todos los detalles para elegir el alojamiento que mejor se adapte a ti.\u00a0 En breve nos pondremos en contacto contigo!<\/p>\n<p>Formulario<a href=\"https:\/\/forms.gle\/ZYsf3CyhpjkpQdNn8\"> AQU\u00cd<\/a><\/p>\n<p>[\/et_pb_accordion_item][\/et_pb_accordion][et_pb_divider color=\u00bb#993115&#8243; divider_weight=\u00bb3px\u00bb _builder_version=\u00bb4.27.4&#8243; _module_preset=\u00bbdefault\u00bb width=\u00bb17%\u00bb max_width=\u00bb100%\u00bb module_alignment=\u00bbcenter\u00bb global_colors_info=\u00bb{}\u00bb][\/et_pb_divider][\/et_pb_column][\/et_pb_row][\/et_pb_section][et_pb_section fb_built=\u00bb1&#8243; _builder_version=\u00bb4.27.4&#8243; _module_preset=\u00bbdefault\u00bb background_color=\u00bb#ededed\u00bb custom_padding=\u00bb19px|||||\u00bb global_colors_info=\u00bb{}\u00bb][et_pb_row column_structure=\u00bb1_2,1_2&#8243; _builder_version=\u00bb4.27.4&#8243; _module_preset=\u00bbdefault\u00bb global_colors_info=\u00bb{}\u00bb][et_pb_column type=\u00bb1_2&#8243; _builder_version=\u00bb4.27.4&#8243; _module_preset=\u00bbdefault\u00bb global_colors_info=\u00bb{}\u00bb][et_pb_team_member name=\u00bbS\u00e2chiko Fullita\u00bb position=\u00bbArtista del movimiento y pedagoga transdisciplinar \u00bb image_url=\u00bbhttps:\/\/sachikofullita.com\/wp-content\/uploads\/2025\/11\/Family-3.png\u00bb _builder_version=\u00bb4.27.4&#8243; _module_preset=\u00bbdefault\u00bb hover_enabled=\u00bb0&#8243; global_colors_info=\u00bb{}\u00bb sticky_enabled=\u00bb0&#8243; title_text=\u00bbFamily (3)\u00bb]<\/p>\n<p class=\"isSelectedEnd\"><span>Con m\u00e1s de 20 a\u00f1os de experiencia como pedagoga y artista, investiga y comparte pr\u00e1cticas corporales creativas y conscientes, integrando movimiento, arte y bienestar.<\/span><\/p>\n<p><span>Como practicante e investigadora del movimiento, se ha formado en diversas disciplinas corporales y contin\u00faa en un proceso constante de aprendizaje y profundizaci\u00f3n: Biomec\u00e1nica y Anatom\u00eda aplicadas al movimiento, Yantra Yoga, Pilates, Bioenerg\u00e9tica, Axis Syllabus y Danza del Vajra (contemplaci\u00f3n en movimiento). Sus formaciones de base en Artes Esc\u00e9nicas y Arteterapia Transdisciplinaria y Desarrollo Humano atraviesan e inspiran su manera de acompa\u00f1ar.<\/span><\/p>\n<p>[\/et_pb_team_member][\/et_pb_column][et_pb_column type=\u00bb1_2&#8243; _builder_version=\u00bb4.27.4&#8243; _module_preset=\u00bbdefault\u00bb global_colors_info=\u00bb{}\u00bb][et_pb_team_member name=\u00bbMatthias Schmal-Filius\u00bb position=\u00bbPsic\u00f3logo, autor y terapeuta especializado en osteopat\u00eda y t\u00e9cnicas miofasciales\u00bb image_url=\u00bbhttps:\/\/sachikofullita.com\/wp-content\/uploads\/2025\/11\/Family-2.png\u00bb _builder_version=\u00bb4.27.4&#8243; _module_preset=\u00bbdefault\u00bb hover_enabled=\u00bb0&#8243; global_colors_info=\u00bb{}\u00bb sticky_enabled=\u00bb0&#8243; title_text=\u00bbFamily (2)\u00bb]<\/p>\n<p><span>Matthias acompa\u00f1a a las personas en el camino de descubrir y fortalecer sus propios recursos, promoviendo la autonom\u00eda para cuidarse y sanar, y alentando una actitud responsable y activa hacia el bienestar personal.<\/span><\/p>\n<p><span style=\"font-weight: 400;\">La combinaci\u00f3n de psicolog\u00eda, coaching, breathwork y osteopat\u00eda es la base de sus libros: M\u00e1xima Resiliencia y Peque\u00f1os H\u00e1bitos, Gran Alivio para el Dolor de Espalda.\u00a0<\/span><span style=\"font-weight: 400;\">En ellos ense\u00f1a c\u00f3mo transformar el estr\u00e9s en energ\u00eda y la ansiedad en calma mediante t\u00e9cnicas eficaces de respiraci\u00f3n y meditaci\u00f3n. Paso a paso, explica c\u00f3mo superar emociones negativas y el cansancio con pr\u00e1cticas que toman solo unos minutos y son f\u00e1ciles de integrar en la vida cotidiana.<\/span><\/p>\n<p>[\/et_pb_team_member][\/et_pb_column][\/et_pb_row][\/et_pb_section][et_pb_section fb_built=\u00bb1&#8243; _builder_version=\u00bb4.27.4&#8243; _module_preset=\u00bbdefault\u00bb background_color=\u00bb#ededed\u00bb custom_padding=\u00bb19px|||||\u00bb global_colors_info=\u00bb{}\u00bb][et_pb_row column_structure=\u00bb1_2,1_2&#8243; _builder_version=\u00bb4.27.4&#8243; _module_preset=\u00bbdefault\u00bb global_colors_info=\u00bb{}\u00bb][et_pb_column type=\u00bb1_2&#8243; _builder_version=\u00bb4.27.4&#8243; _module_preset=\u00bbdefault\u00bb global_colors_info=\u00bb{}\u00bb][et_pb_team_member name=\u00bbJimena Villar\u00e1n\u00bb position=\u00bbAntrop\u00f3loga y arteterapeuta transdisciplinaria\u00bb image_url=\u00bbhttps:\/\/sachikofullita.com\/wp-content\/uploads\/2026\/08\/2.jpg\u00bb _builder_version=\u00bb4.27.4&#8243; _module_preset=\u00bbdefault\u00bb hover_enabled=\u00bb0&#8243; global_colors_info=\u00bb{}\u00bb sticky_enabled=\u00bb0&#8243; title_text=\u00bb2&#8243;]<\/p>\n<p class=\"isSelectedEnd\"><span>Desde hace a\u00f1os acompa\u00f1a a personas y comunidades en procesos de bienestar, expresi\u00f3n y transformaci\u00f3n, integrando el arte, el cuerpo y la creatividad como herramientas de exploraci\u00f3n y conexi\u00f3n.<\/span><\/p>\n<p><span>En ShiZen nos acompa\u00f1ar\u00e1 a explorar nuestra relaci\u00f3n con la naturaleza desde una mirada sensible y creativa, invit\u00e1ndonos a desacelerar, abrir los sentidos y descubrir otras formas de mirar, sentir y relacionarnos con el entorno.<\/span><\/p>\n<p>[\/et_pb_team_member][\/et_pb_column][et_pb_column type=\u00bb1_2&#8243; _builder_version=\u00bb4.27.4&#8243; _module_preset=\u00bbdefault\u00bb global_colors_info=\u00bb{}\u00bb][et_pb_team_member name=\u00bbPatricia Mart\u00edn\u00bb position=\u00bbDirectora, artista y pedagoga musical\u00bb image_url=\u00bbhttps:\/\/sachikofullita.com\/wp-content\/uploads\/2026\/08\/1.jpg\u00bb _builder_version=\u00bb4.27.4&#8243; _module_preset=\u00bbdefault\u00bb hover_enabled=\u00bb0&#8243; global_colors_info=\u00bb{}\u00bb sticky_enabled=\u00bb0&#8243; title_text=\u00bb1&#8243;]<\/p>\n<p class=\"isSelectedEnd\"><span> Apasionada por la pr\u00e1ctica musical colectiva y la exploraci\u00f3n de los lenguajes art\u00edsticos, Patricia integra en su recorrido la m\u00fasica, la voz y las pr\u00e1cticas som\u00e1ticas, entendiendo el cuerpo como fuente de experiencia sensible inseparable del acto expresivo.<\/span><\/p>\n<p class=\"isSelectedEnd\"><span>Directora del coro Gospelians de Girona, su trayectoria art\u00edstica transita por diferentes lenguajes musicales, desde la m\u00fasica cl\u00e1sica al jazz, la m\u00fasica moderna y el g\u00f3spel. Para Patricia, la voz y el canto son tambi\u00e9n espacios de escucha, encuentro y conexi\u00f3n.<\/span><\/p>\n<p><span>En ShiZen nos invitar\u00e1 a acercarnos a nuestra propia voz de una manera delicada y accesible, explorando la voz y el canto compartido como formas de expresi\u00f3n y conexi\u00f3n.<\/span><\/p>\n<p>[\/et_pb_team_member][\/et_pb_column][\/et_pb_row][\/et_pb_section][et_pb_section fb_built=\u00bb1&#8243; _builder_version=\u00bb4.27.4&#8243; _module_preset=\u00bbdefault\u00bb global_colors_info=\u00bb{}\u00bb][et_pb_row _builder_version=\u00bb4.27.4&#8243; _module_preset=\u00bbdefault\u00bb global_colors_info=\u00bb{}\u00bb][et_pb_column type=\u00bb4_4&#8243; _builder_version=\u00bb4.27.4&#8243; _module_preset=\u00bbdefault\u00bb global_colors_info=\u00bb{}\u00bb][et_pb_blurb image=\u00bbhttps:\/\/sachikofullita.com\/wp-content\/uploads\/2025\/11\/banner-inferior.jpg\u00bb _builder_version=\u00bb4.27.4&#8243; _module_preset=\u00bbdefault\u00bb global_colors_info=\u00bb{}\u00bb][\/et_pb_blurb][\/et_pb_column][\/et_pb_row][\/et_pb_section]<\/p>\n","protected":false},"excerpt":{"rendered":"<p>Un fin de semana para<br \/>\ndespertar la vitalidad,<br \/>\nabrir los sentidos y cultivar<br \/>\nuna presencia m\u00e1s consciente y creativa.<\/p>\n","protected":false},"author":1,"featured_media":1298,"comment_status":"closed","ping_status":"closed","sticky":false,"template":"","format":"standard","meta":{"_et_pb_use_builder":"on","_et_pb_old_content":"","_et_gb_content_width":"2880","_jetpack_memberships_contains_paid_content":false,"footnotes":""},"categories":[1],"tags":[],"class_list":["post-261","post","type-post","status-publish","format-standard","has-post-thumbnail","hentry","category-uncategorized"],"jetpack_featured_media_url":"https:\/\/sachikofullita.com\/wp-content\/uploads\/2026\/02\/Shizen-portada-entrada-4-scaled.jpg","jetpack_sharing_enabled":true,"_links":{"self":[{"href":"https:\/\/sachikofullita.com\/index.php?rest_route=\/wp\/v2\/posts\/261","targetHints":{"allow":["GET"]}}],"collection":[{"href":"https:\/\/sachikofullita.com\/index.php?rest_route=\/wp\/v2\/posts"}],"about":[{"href":"https:\/\/sachikofullita.com\/index.php?rest_route=\/wp\/v2\/types\/post"}],"author":[{"embeddable":true,"href":"https:\/\/sachikofullita.com\/index.php?rest_route=\/wp\/v2\/users\/1"}],"replies":[{"embeddable":true,"href":"https:\/\/sachikofullita.com\/index.php?rest_route=%2Fwp%2Fv2%2Fcomments&post=261"}],"version-history":[{"count":101,"href":"https:\/\/sachikofullita.com\/index.php?rest_route=\/wp\/v2\/posts\/261\/revisions"}],"predecessor-version":[{"id":1363,"href":"https:\/\/sachikofullita.com\/index.php?rest_route=\/wp\/v2\/posts\/261\/revisions\/1363"}],"wp:featuredmedia":[{"embeddable":true,"href":"https:\/\/sachikofullita.com\/index.php?rest_route=\/wp\/v2\/media\/1298"}],"wp:attachment":[{"href":"https:\/\/sachikofullita.com\/index.php?rest_route=%2Fwp%2Fv2%2Fmedia&parent=261"}],"wp:term":[{"taxonomy":"category","embeddable":true,"href":"https:\/\/sachikofullita.com\/index.php?rest_route=%2Fwp%2Fv2%2Fcategories&post=261"},{"taxonomy":"post_tag","embeddable":true,"href":"https:\/\/sachikofullita.com\/index.php?rest_route=%2Fwp%2Fv2%2Ftags&post=261"}],"curies":[{"name":"wp","href":"https:\/\/api.w.org\/{rel}","templated":true}]}}